{"id":466,"date":"2023-11-03T12:51:00","date_gmt":"2023-11-03T12:51:00","guid":{"rendered":"https:\/\/stimbergpark.de\/?p=466"},"modified":"2024-04-17T15:05:32","modified_gmt":"2024-04-17T15:05:32","slug":"circus-kirmes-modellbau-ausstellung","status":"publish","type":"post","link":"https:\/\/stimbergpark.de\/?p=466","title":{"rendered":"23. Circus &#038; Kirmes Modellbau Ausstellung"},"content":{"rendered":"\t\t<div data-elementor-type=\"wp-post\" data-elementor-id=\"466\" class=\"elementor elementor-466\" data-elementor-post-type=\"post\">\n\t\t\t\t<div class=\"elementor-element elementor-element-b5d3abd e-flex e-con-boxed e-con e-parent\" data-id=\"b5d3abd\" data-element_type=\"container\" data-e-type=\"container\" data-settings=\"{&quot;animation&quot;:&quot;none&quot;}\">\n\t\t\t\t\t<div class=\"e-con-inner\">\n\t\t\t\t<div class=\"elementor-element elementor-element-1a0da33 elementor-invisible elementor-widget elementor-widget-text-editor\" data-id=\"1a0da33\" data-element_type=\"widget\" data-e-type=\"widget\" data-settings=\"{&quot;_animation&quot;:&quot;fadeInLeft&quot;}\" data-widget_type=\"text-editor.default\">\n\t\t\t\t<div class=\"elementor-widget-container\">\n\t\t\t\t\t\t\t\t\t<p>Manege frei\u201c und \u201eSteigen Sie ein, fahren Sie mit\u201c: Das Hotel Stimbergpark in Oer-Erkenschwick wird am <span style=\"color: #800000;\"><strong>Samstag, 26. Oktober, und Sonntag, 27. Oktober 2024<\/strong><\/span>, wieder Schauplatz der Internationalen Circus- und Kirmes-Modellbauausstellung. Bereits zum 23. Mal treffen sich die Modellbauer in Oer-Erkenschwick, um interessierten Besuchern ihre Arbeiten zu pr\u00e4sentieren.<\/p><p>Mehr als 40 Aussteller reisen aus ganz Deutschland, den Niederlanden und Frankreich an. Sie alle haben und unz\u00e4hlige Stunden Arbeit in ihre Modelle (Ma\u00dfst\u00e4be 1\/87, Baugr\u00f6\u00dfe N, 1:50 , 1:18) gesteckt.<\/p><p>Zu sehen sein werden unter anderem filigrane Miniaturen des Circus Krone, des Zirkus Charles Knie, des Circus Roncallis sowie des Schweizer National Circus Knie. Sie werden staunen!<\/p><p>Neben den zahlreichen Circusmodellen gibt es nat\u00fcrlich auch viele Kirmesmodelle, ebenfalls in den unterschiedlichsten Ma\u00dfst\u00e4ben.<\/p><p>Hier leuchtet und dreht sich alles in der Kirmeswelt in Miniatur, egal ob Riesenrad, Break Dance oder Geisterbahn.<\/p><p>Jahre k\u00f6nnen vergehen bis ein solches Modell endg\u00fcltig fertig ist. Davon wei\u00df auch der Waltroper Conny Pust viel zu erz\u00e4hlen. Er ist von Anfang an dabei und z\u00e4hlt zu den Gr\u00fcndern der Ausstellung, die sich von einer kleinen Ausstellung zu der erfolgreichste Circus- und Kirmesmodellbau-Ausstellungen entwickelt hat.\u00a0<\/p>\t\t\t\t\t\t\t\t<\/div>\n\t\t\t\t<\/div>\n\t\t<div class=\"elementor-element elementor-element-e05fa62 e-con-full e-flex e-con e-child\" data-id=\"e05fa62\" data-element_type=\"container\" data-e-type=\"container\">\n\t\t\t\t<div class=\"elementor-element elementor-element-b9bd273 elementor-invisible elementor-widget elementor-widget-image\" data-id=\"b9bd273\" data-element_type=\"widget\" data-e-type=\"widget\" data-settings=\"{&quot;_animation&quot;:&quot;fadeInRight&quot;}\" data-widget_type=\"image.default\">\n\t\t\t\t<div class=\"elementor-widget-container\">\n\t\t\t\t\t\t\t\t\t\t\t\t\t\t\t\t<a href=\"https:\/\/stimbergpark.de\/wp-content\/uploads\/2023\/11\/2024_PLAKAT_Oer_3000px_1_RGB_FINAL-scaled.jpg\" data-elementor-open-lightbox=\"yes\" data-elementor-lightbox-title=\"2024_PLAKAT_Oer_A3_1_CYMK_FINAL\" data-e-action-hash=\"#elementor-action%3Aaction%3Dlightbox%26settings%3DeyJpZCI6NzY2LCJ1cmwiOiJodHRwczpcL1wvc3RpbWJlcmdwYXJrLmRlXC93cC1jb250ZW50XC91cGxvYWRzXC8yMDIzXC8xMVwvMjAyNF9QTEFLQVRfT2VyXzMwMDBweF8xX1JHQl9GSU5BTC1zY2FsZWQuanBnIn0%3D\">\n\t\t\t\t\t\t\t<img fetchpriority=\"high\" decoding=\"async\" width=\"728\" height=\"1024\" src=\"https:\/\/stimbergpark.de\/wp-content\/uploads\/2023\/11\/2024_PLAKAT_Oer_3000px_1_RGB_FINAL-728x1024.jpg\" class=\"attachment-large size-large wp-image-766\" alt=\"\" srcset=\"https:\/\/stimbergpark.de\/wp-content\/uploads\/2023\/11\/2024_PLAKAT_Oer_3000px_1_RGB_FINAL-728x1024.jpg 728w, https:\/\/stimbergpark.de\/wp-content\/uploads\/2023\/11\/2024_PLAKAT_Oer_3000px_1_RGB_FINAL-213x300.jpg 213w, https:\/\/stimbergpark.de\/wp-content\/uploads\/2023\/11\/2024_PLAKAT_Oer_3000px_1_RGB_FINAL-768x1080.jpg 768w, https:\/\/stimbergpark.de\/wp-content\/uploads\/2023\/11\/2024_PLAKAT_Oer_3000px_1_RGB_FINAL-1092x1536.jpg 1092w, https:\/\/stimbergpark.de\/wp-content\/uploads\/2023\/11\/2024_PLAKAT_Oer_3000px_1_RGB_FINAL-1456x2048.jpg 1456w, https:\/\/stimbergpark.de\/wp-content\/uploads\/2023\/11\/2024_PLAKAT_Oer_3000px_1_RGB_FINAL-scaled.jpg 1820w\" sizes=\"(max-width: 728px) 100vw, 728px\" \/>\t\t\t\t\t\t\t\t<\/a>\n\t\t\t\t\t\t\t\t\t\t\t\t\t\t\t<\/div>\n\t\t\t\t<\/div>\n\t\t\t\t<div class=\"elementor-element elementor-element-bcd7e6a elementor-align-center elementor-widget elementor-widget-button\" data-id=\"bcd7e6a\" data-element_type=\"widget\" data-e-type=\"widget\" data-widget_type=\"button.default\">\n\t\t\t\t<div class=\"elementor-widget-container\">\n\t\t\t\t\t\t\t\t\t<div class=\"elementor-button-wrapper\">\n\t\t\t\t\t<a class=\"elementor-button elementor-button-link elementor-size-xs\" href=\"https:\/\/www.circuswelten.de\/index.php\/ausstellung\/infos-oer-erkenschwick-2023\" target=\"_blank\">\n\t\t\t\t\t\t<span class=\"elementor-button-content-wrapper\">\n\t\t\t\t\t\t<span class=\"elementor-button-icon\">\n\t\t\t\t<i aria-hidden=\"true\" class=\"fas fa-angle-double-right\"><\/i>\t\t\t<\/span>\n\t\t\t\t\t\t\t\t\t<span class=\"elementor-button-text\">weitere Informationen zur Ausstellung<\/span>\n\t\t\t\t\t<\/span>\n\t\t\t\t\t<\/a>\n\t\t\t\t<\/div>\n\t\t\t\t\t\t\t\t<\/div>\n\t\t\t\t<\/div>\n\t\t\t\t<\/div>\n\t\t\t\t\t<\/div>\n\t\t\t\t<\/div>\n\t\t\t\t<\/div>\n\t\t","protected":false},"excerpt":{"rendered":"<p>Manege frei\u201c und \u201eSteigen Sie ein, fahren Sie mit\u201c: Das Hotel Stimbergpark in Oer-Erkenschwick wird am Samstag, 26. Oktober, und Sonntag, 27. Oktober 2024, wieder Schauplatz der Internationalen Circus- und Kirmes-Modellbauausstellung. Bereits zum 23. Mal treffen sich die Modellbauer in Oer-Erkenschwick, um interessierten Besuchern ihre Arbeiten zu pr\u00e4sentieren. Mehr als 40 Aussteller reisen aus ganz [&hellip;]<\/p>\n","protected":false},"author":1,"featured_media":467,"comment_status":"open","ping_status":"closed","sticky":false,"template":"","format":"standard","meta":{"footnotes":""},"categories":[9],"tags":[],"class_list":["post-466","post","type-post","status-publish","format-standard","has-post-thumbnail","hentry","category-aktuelles"],"aioseo_notices":[],"_links":{"self":[{"href":"https:\/\/stimbergpark.de\/index.php?rest_route=\/wp\/v2\/posts\/466","targetHints":{"allow":["GET"]}}],"collection":[{"href":"https:\/\/stimbergpark.de\/index.php?rest_route=\/wp\/v2\/posts"}],"about":[{"href":"https:\/\/stimbergpark.de\/index.php?rest_route=\/wp\/v2\/types\/post"}],"author":[{"embeddable":true,"href":"https:\/\/stimbergpark.de\/index.php?rest_route=\/wp\/v2\/users\/1"}],"replies":[{"embeddable":true,"href":"https:\/\/stimbergpark.de\/index.php?rest_route=%2Fwp%2Fv2%2Fcomments&post=466"}],"version-history":[{"count":33,"href":"https:\/\/stimbergpark.de\/index.php?rest_route=\/wp\/v2\/posts\/466\/revisions"}],"predecessor-version":[{"id":769,"href":"https:\/\/stimbergpark.de\/index.php?rest_route=\/wp\/v2\/posts\/466\/revisions\/769"}],"wp:featuredmedia":[{"embeddable":true,"href":"https:\/\/stimbergpark.de\/index.php?rest_route=\/wp\/v2\/media\/467"}],"wp:attachment":[{"href":"https:\/\/stimbergpark.de\/index.php?rest_route=%2Fwp%2Fv2%2Fmedia&parent=466"}],"wp:term":[{"taxonomy":"category","embeddable":true,"href":"https:\/\/stimbergpark.de\/index.php?rest_route=%2Fwp%2Fv2%2Fcategories&post=466"},{"taxonomy":"post_tag","embeddable":true,"href":"https:\/\/stimbergpark.de\/index.php?rest_route=%2Fwp%2Fv2%2Ftags&post=466"}],"curies":[{"name":"wp","href":"https:\/\/api.w.org\/{rel}","templated":true}]}}